{"id":10530,"date":"2023-02-20T16:54:13","date_gmt":"2023-02-20T15:54:13","guid":{"rendered":"http:\/\/krakowbiega.pl\/?p=10530"},"modified":"2023-02-20T16:56:19","modified_gmt":"2023-02-20T15:56:19","slug":"centrum-zawodow-i-biuro-zawodow-4","status":"publish","type":"post","link":"https:\/\/krakowbiega.pl\/?p=10530","title":{"rendered":"Centrum zawod\u00f3w i biuro zawod\u00f3w"},"content":{"rendered":"\n<p>Przedstawiamy kolejn\u0105 GPKow\u0105 przypominajk\u0119! Centrum zawod\u00f3w tradycyjnie ju\u017c zostanie zlokalizowane w Szkole Podstawowej przy alei Modrzewiowej. W naszym centrum zawod\u00f3w znajdziecie biuro, bufet, szatnie, depozyt a tak\u017ce mo\u017cliwo\u015b\u0107 skorzystania z prysznica. Szko\u0142a Podstawowa to r\u00f3wnie\u017c miejsce przeprowadzenia fina\u0142owej dekoracji. Planowany harmonogram dnia zostanie przedstawiony bezpo\u015brednio przed zawodami.<\/p>\n\n\n\n<p>Do biura zawod\u00f3w zapraszamy tylko i wy\u0142\u0105cznie w niedziel\u0119 do centrum zawod\u00f3w w Szkole przy alei Modrzewiowej. Biuro zawod\u00f3w przy ul. Podchor\u0105\u017cych b\u0119dzie nieczynne.<\/p>\n\n\n\n<p>Godziny otwarcia biura zawod\u00f3w:<\/p>\n\n\n\n<p>niedziela (5.03)\u00a0\u2013 Centrum zawod\u00f3w, Szko\u0142a Podstawowa nr 72, aleja Modrzewiowa 23 (50.064087, 19.865940)<strong>\u00a08:00 \u2013 do ko\u0144ca zawod\u00f3w<\/strong><br><\/p>\n\n\n\n<figure class=\"wp-block-image alignleft size-full is-resized\"><img loading=\"lazy\" decoding=\"async\" src=\"https:\/\/krakowbiega.pl\/wp-content\/uploads\/2023\/02\/Projekt-bez-tytulu-2-1.png\" alt=\"\" class=\"wp-image-10531\" width=\"500\" height=\"500\" srcset=\"https:\/\/krakowbiega.pl\/wp-content\/uploads\/2023\/02\/Projekt-bez-tytulu-2-1.png 750w, https:\/\/krakowbiega.pl\/wp-content\/uploads\/2023\/02\/Projekt-bez-tytulu-2-1-300x300.png 300w, https:\/\/krakowbiega.pl\/wp-content\/uploads\/2023\/02\/Projekt-bez-tytulu-2-1-150x150.png 150w, https:\/\/krakowbiega.pl\/wp-content\/uploads\/2023\/02\/Projekt-bez-tytulu-2-1-600x600.png 600w\" sizes=\"auto, (max-width: 500px) 100vw, 500px\" \/><\/figure>\n","protected":false},"excerpt":{"rendered":"<p>Przedstawiamy kolejn\u0105 GPKow\u0105 przypominajk\u0119! Centrum zawod\u00f3w tradycyjnie ju\u017c zostanie zlokalizowane w Szkole Podstawowej przy alei Modrzewiowej. W naszym centrum zawod\u00f3w [&hellip;]<\/p>\n","protected":false},"author":2,"featured_media":10531,"comment_status":"closed","ping_status":"closed","sticky":false,"template":"","format":"standard","meta":{"_uag_custom_page_level_css":"","site-sidebar-layout":"default","site-content-layout":"","ast-site-content-layout":"default","site-content-style":"default","site-sidebar-style":"default","ast-global-header-display":"","ast-banner-title-visibility":"","ast-main-header-display":"","ast-hfb-above-header-display":"","ast-hfb-below-header-display":"","ast-hfb-mobile-header-display":"","site-post-title":"","ast-breadcrumbs-content":"","ast-featured-img":"","footer-sml-layout":"","ast-disable-related-posts":"","theme-transparent-header-meta":"","adv-header-id-meta":"","stick-header-meta":"","header-above-stick-meta":"","header-main-stick-meta":"","header-below-stick-meta":"","astra-migrate-meta-layouts":"default","ast-page-background-enabled":"default","ast-page-background-meta":{"desktop":{"background-color":"var(--ast-global-color-4)","background-image":"","background-repeat":"repeat","background-position":"center center","background-size":"auto","background-attachment":"scroll","background-type":"","background-media":"","overlay-type":"","overlay-color":"","overlay-opacity":"","overlay-gradient":""},"tablet":{"background-color":"","background-image":"","background-repeat":"repeat","background-position":"center center","background-size":"auto","background-attachment":"scroll","background-type":"","background-media":"","overlay-type":"","overlay-color":"","overlay-opacity":"","overlay-gradient":""},"mobile":{"background-color":"","background-image":"","background-repeat":"repeat","background-position":"center center","background-size":"auto","background-attachment":"scroll","background-type":"","background-media":"","overlay-type":"","overlay-color":"","overlay-opacity":"","overlay-gradient":""}},"ast-content-background-meta":{"desktop":{"background-color":"var(--ast-global-color-5)","background-image":"","background-repeat":"repeat","background-position":"center center","background-size":"auto","background-attachment":"scroll","background-type":"","background-media":"","overlay-type":"","overlay-color":"","overlay-opacity":"","overlay-gradient":""},"tablet":{"background-color":"var(--ast-global-color-5)","background-image":"","background-repeat":"repeat","background-position":"center center","background-size":"auto","background-attachment":"scroll","background-type":"","background-media":"","overlay-type":"","overlay-color":"","overlay-opacity":"","overlay-gradient":""},"mobile":{"background-color":"var(--ast-global-color-5)","background-image":"","background-repeat":"repeat","background-position":"center center","background-size":"auto","background-attachment":"scroll","background-type":"","background-media":"","overlay-type":"","overlay-color":"","overlay-opacity":"","overlay-gradient":""}},"footnotes":""},"categories":[1],"tags":[],"class_list":["post-10530","post","type-post","status-publish","format-standard","has-post-thumbnail","hentry","category-news"],"uagb_featured_image_src":{"full":["https:\/\/krakowbiega.pl\/wp-content\/uploads\/2023\/02\/Projekt-bez-tytulu-2-1.png",750,750,false],"thumbnail":["https:\/\/krakowbiega.pl\/wp-content\/uploads\/2023\/02\/Projekt-bez-tytulu-2-1-150x150.png",150,150,true],"medium":["https:\/\/krakowbiega.pl\/wp-content\/uploads\/2023\/02\/Projekt-bez-tytulu-2-1-300x300.png",300,300,true],"medium_large":["https:\/\/krakowbiega.pl\/wp-content\/uploads\/2023\/02\/Projekt-bez-tytulu-2-1.png",750,750,false],"large":["https:\/\/krakowbiega.pl\/wp-content\/uploads\/2023\/02\/Projekt-bez-tytulu-2-1.png",750,750,false],"1536x1536":["https:\/\/krakowbiega.pl\/wp-content\/uploads\/2023\/02\/Projekt-bez-tytulu-2-1.png",750,750,false],"2048x2048":["https:\/\/krakowbiega.pl\/wp-content\/uploads\/2023\/02\/Projekt-bez-tytulu-2-1.png",750,750,false],"New Image Size":["https:\/\/krakowbiega.pl\/wp-content\/uploads\/2023\/02\/Projekt-bez-tytulu-2-1-300x300.png",300,300,true]},"uagb_author_info":{"display_name":"M.Garbacik","author_link":"https:\/\/krakowbiega.pl\/?author=2"},"uagb_comment_info":0,"uagb_excerpt":"Przedstawiamy kolejn\u0105 GPKow\u0105 przypominajk\u0119! Centrum zawod\u00f3w tradycyjnie ju\u017c zostanie zlokalizowane w Szkole Podstawowej przy alei Modrzewiowej. W naszym centrum zawod\u00f3w [&hellip;]","_links":{"self":[{"href":"https:\/\/krakowbiega.pl\/index.php?rest_route=\/wp\/v2\/posts\/10530","targetHints":{"allow":["GET"]}}],"collection":[{"href":"https:\/\/krakowbiega.pl\/index.php?rest_route=\/wp\/v2\/posts"}],"about":[{"href":"https:\/\/krakowbiega.pl\/index.php?rest_route=\/wp\/v2\/types\/post"}],"author":[{"embeddable":true,"href":"https:\/\/krakowbiega.pl\/index.php?rest_route=\/wp\/v2\/users\/2"}],"replies":[{"embeddable":true,"href":"https:\/\/krakowbiega.pl\/index.php?rest_route=%2Fwp%2Fv2%2Fcomments&post=10530"}],"version-history":[{"count":2,"href":"https:\/\/krakowbiega.pl\/index.php?rest_route=\/wp\/v2\/posts\/10530\/revisions"}],"predecessor-version":[{"id":10533,"href":"https:\/\/krakowbiega.pl\/index.php?rest_route=\/wp\/v2\/posts\/10530\/revisions\/10533"}],"wp:featuredmedia":[{"embeddable":true,"href":"https:\/\/krakowbiega.pl\/index.php?rest_route=\/wp\/v2\/media\/10531"}],"wp:attachment":[{"href":"https:\/\/krakowbiega.pl\/index.php?rest_route=%2Fwp%2Fv2%2Fmedia&parent=10530"}],"wp:term":[{"taxonomy":"category","embeddable":true,"href":"https:\/\/krakowbiega.pl\/index.php?rest_route=%2Fwp%2Fv2%2Fcategories&post=10530"},{"taxonomy":"post_tag","embeddable":true,"href":"https:\/\/krakowbiega.pl\/index.php?rest_route=%2Fwp%2Fv2%2Ftags&post=10530"}],"curies":[{"name":"wp","href":"https:\/\/api.w.org\/{rel}","templated":true}]}}