{"id":10534,"date":"2023-02-21T08:53:58","date_gmt":"2023-02-21T07:53:58","guid":{"rendered":"http:\/\/krakowbiega.pl\/?p=10534"},"modified":"2023-02-21T08:53:58","modified_gmt":"2023-02-21T07:53:58","slug":"foodtruck-i-bufet-5","status":"publish","type":"post","link":"https:\/\/krakowbiega.pl\/?p=10534","title":{"rendered":"Foodtruck i bufet"},"content":{"rendered":"\n<p>Przedstawiamy kolejny komunikat organizacyjny! Tak jak w poprzednich miesi\u0105cach, na pocz\u0119stunek przygotowany przez organizatora zapraszamy do centrum zawod\u00f3w w Szkole przy Alei Modrzewiowej 23. Znajdziecie tam owoce (jab\u0142ko, banan), ciastka, czekolad\u0119* a tak\u017ce ciep\u0142\u0105 kaw\u0119 i herbat\u0119. Serdecznie zapraszamy! Z kim widzimy si\u0119 w szkole?<\/p>\n\n\n\n<p>Na parkingu przy ulicy Kuku\u0142czej (meta i start zawod\u00f3w) tradycyjnie ju\u017c zapraszamy do Foodtrucka Przedsi\u0119biorstwa Spo\u0142ecznego Food &amp; Life. W Foodtrucku b\u0119dzie mo\u017cliwo\u015b\u0107 zam\u00f3wienia zapiekanek, frytek, kawy z ekspresu, herbaty czy grza\u0144ca bezalkoholowego. Polecamy!<\/p>\n\n\n\n<p>*Czekolada oraz banany czeka\u0107 b\u0119d\u0105 na Was r\u00f3wnie\u017c na punktach wodopojowych oraz mecie zawod\u00f3w.<br><\/p>\n\n\n\n<figure class=\"wp-block-image alignleft size-large is-resized\"><img loading=\"lazy\" decoding=\"async\" src=\"https:\/\/krakowbiega.pl\/wp-content\/uploads\/2023\/02\/GPK-Final-version-luty-384-1024x683.jpg\" alt=\"\" class=\"wp-image-10535\" width=\"768\" height=\"512\" srcset=\"https:\/\/krakowbiega.pl\/wp-content\/uploads\/2023\/02\/GPK-Final-version-luty-384-1024x683.jpg 1024w, https:\/\/krakowbiega.pl\/wp-content\/uploads\/2023\/02\/GPK-Final-version-luty-384-300x200.jpg 300w, https:\/\/krakowbiega.pl\/wp-content\/uploads\/2023\/02\/GPK-Final-version-luty-384-768x512.jpg 768w, https:\/\/krakowbiega.pl\/wp-content\/uploads\/2023\/02\/GPK-Final-version-luty-384-1536x1024.jpg 1536w, https:\/\/krakowbiega.pl\/wp-content\/uploads\/2023\/02\/GPK-Final-version-luty-384.jpg 2048w\" sizes=\"auto, (max-width: 768px) 100vw, 768px\" \/><figcaption>*fot. Micha\u0142 Loska &#8211; fotografia<\/figcaption><\/figure>\n","protected":false},"excerpt":{"rendered":"<p>Przedstawiamy kolejny komunikat organizacyjny! Tak jak w poprzednich miesi\u0105cach, na pocz\u0119stunek przygotowany przez organizatora zapraszamy do centrum zawod\u00f3w w Szkole [&hellip;]<\/p>\n","protected":false},"author":2,"featured_media":10535,"comment_status":"closed","ping_status":"closed","sticky":false,"template":"","format":"standard","meta":{"_uag_custom_page_level_css":"","site-sidebar-layout":"default","site-content-layout":"","ast-site-content-layout":"default","site-content-style":"default","site-sidebar-style":"default","ast-global-header-display":"","ast-banner-title-visibility":"","ast-main-header-display":"","ast-hfb-above-header-display":"","ast-hfb-below-header-display":"","ast-hfb-mobile-header-display":"","site-post-title":"","ast-breadcrumbs-content":"","ast-featured-img":"","footer-sml-layout":"","ast-disable-related-posts":"","theme-transparent-header-meta":"","adv-header-id-meta":"","stick-header-meta":"","header-above-stick-meta":"","header-main-stick-meta":"","header-below-stick-meta":"","astra-migrate-meta-layouts":"default","ast-page-background-enabled":"default","ast-page-background-meta":{"desktop":{"background-color":"var(--ast-global-color-4)","background-image":"","background-repeat":"repeat","background-position":"center center","background-size":"auto","background-attachment":"scroll","background-type":"","background-media":"","overlay-type":"","overlay-color":"","overlay-opacity":"","overlay-gradient":""},"tablet":{"background-color":"","background-image":"","background-repeat":"repeat","background-position":"center center","background-size":"auto","background-attachment":"scroll","background-type":"","background-media":"","overlay-type":"","overlay-color":"","overlay-opacity":"","overlay-gradient":""},"mobile":{"background-color":"","background-image":"","background-repeat":"repeat","background-position":"center center","background-size":"auto","background-attachment":"scroll","background-type":"","background-media":"","overlay-type":"","overlay-color":"","overlay-opacity":"","overlay-gradient":""}},"ast-content-background-meta":{"desktop":{"background-color":"var(--ast-global-color-5)","background-image":"","background-repeat":"repeat","background-position":"center center","background-size":"auto","background-attachment":"scroll","background-type":"","background-media":"","overlay-type":"","overlay-color":"","overlay-opacity":"","overlay-gradient":""},"tablet":{"background-color":"var(--ast-global-color-5)","background-image":"","background-repeat":"repeat","background-position":"center center","background-size":"auto","background-attachment":"scroll","background-type":"","background-media":"","overlay-type":"","overlay-color":"","overlay-opacity":"","overlay-gradient":""},"mobile":{"background-color":"var(--ast-global-color-5)","background-image":"","background-repeat":"repeat","background-position":"center center","background-size":"auto","background-attachment":"scroll","background-type":"","background-media":"","overlay-type":"","overlay-color":"","overlay-opacity":"","overlay-gradient":""}},"footnotes":""},"categories":[1],"tags":[],"class_list":["post-10534","post","type-post","status-publish","format-standard","has-post-thumbnail","hentry","category-news"],"uagb_featured_image_src":{"full":["https:\/\/krakowbiega.pl\/wp-content\/uploads\/2023\/02\/GPK-Final-version-luty-384.jpg",2048,1365,false],"thumbnail":["https:\/\/krakowbiega.pl\/wp-content\/uploads\/2023\/02\/GPK-Final-version-luty-384-150x150.jpg",150,150,true],"medium":["https:\/\/krakowbiega.pl\/wp-content\/uploads\/2023\/02\/GPK-Final-version-luty-384-300x200.jpg",300,200,true],"medium_large":["https:\/\/krakowbiega.pl\/wp-content\/uploads\/2023\/02\/GPK-Final-version-luty-384-768x512.jpg",768,512,true],"large":["https:\/\/krakowbiega.pl\/wp-content\/uploads\/2023\/02\/GPK-Final-version-luty-384-1024x683.jpg",1024,683,true],"1536x1536":["https:\/\/krakowbiega.pl\/wp-content\/uploads\/2023\/02\/GPK-Final-version-luty-384-1536x1024.jpg",1536,1024,true],"2048x2048":["https:\/\/krakowbiega.pl\/wp-content\/uploads\/2023\/02\/GPK-Final-version-luty-384.jpg",2048,1365,false],"New Image Size":["https:\/\/krakowbiega.pl\/wp-content\/uploads\/2023\/02\/GPK-Final-version-luty-384-300x300.jpg",300,300,true]},"uagb_author_info":{"display_name":"M.Garbacik","author_link":"https:\/\/krakowbiega.pl\/?author=2"},"uagb_comment_info":0,"uagb_excerpt":"Przedstawiamy kolejny komunikat organizacyjny! Tak jak w poprzednich miesi\u0105cach, na pocz\u0119stunek przygotowany przez organizatora zapraszamy do centrum zawod\u00f3w w Szkole [&hellip;]","_links":{"self":[{"href":"https:\/\/krakowbiega.pl\/index.php?rest_route=\/wp\/v2\/posts\/10534","targetHints":{"allow":["GET"]}}],"collection":[{"href":"https:\/\/krakowbiega.pl\/index.php?rest_route=\/wp\/v2\/posts"}],"about":[{"href":"https:\/\/krakowbiega.pl\/index.php?rest_route=\/wp\/v2\/types\/post"}],"author":[{"embeddable":true,"href":"https:\/\/krakowbiega.pl\/index.php?rest_route=\/wp\/v2\/users\/2"}],"replies":[{"embeddable":true,"href":"https:\/\/krakowbiega.pl\/index.php?rest_route=%2Fwp%2Fv2%2Fcomments&post=10534"}],"version-history":[{"count":1,"href":"https:\/\/krakowbiega.pl\/index.php?rest_route=\/wp\/v2\/posts\/10534\/revisions"}],"predecessor-version":[{"id":10536,"href":"https:\/\/krakowbiega.pl\/index.php?rest_route=\/wp\/v2\/posts\/10534\/revisions\/10536"}],"wp:featuredmedia":[{"embeddable":true,"href":"https:\/\/krakowbiega.pl\/index.php?rest_route=\/wp\/v2\/media\/10535"}],"wp:attachment":[{"href":"https:\/\/krakowbiega.pl\/index.php?rest_route=%2Fwp%2Fv2%2Fmedia&parent=10534"}],"wp:term":[{"taxonomy":"category","embeddable":true,"href":"https:\/\/krakowbiega.pl\/index.php?rest_route=%2Fwp%2Fv2%2Fcategories&post=10534"},{"taxonomy":"post_tag","embeddable":true,"href":"https:\/\/krakowbiega.pl\/index.php?rest_route=%2Fwp%2Fv2%2Ftags&post=10534"}],"curies":[{"name":"wp","href":"https:\/\/api.w.org\/{rel}","templated":true}]}}