{"id":1060,"date":"2017-08-26T14:47:00","date_gmt":"2017-08-26T14:47:00","guid":{"rendered":"http:\/\/krakowbiega.pl\/?p=1060"},"modified":"2017-08-27T09:34:24","modified_gmt":"2017-08-27T09:34:24","slug":"zapisy-na-biegi-20172018","status":"publish","type":"post","link":"https:\/\/krakowbiega.pl\/?p=1060","title":{"rendered":"Wracamy!"},"content":{"rendered":"<p style=\"text-align: justify;\">Z przyjemno\u015bci\u0105 informujemy, \u017ce ruszamy z zapisami na VI edycj\u0119 Grand Prix Krakowa w Biegach G\u00f3rskich!<\/p>\n<p style=\"text-align: justify;\">Tak jak ubieg\u0142ej zimy, rywalizowa\u0107 b\u0119dziemy na czterech interesuj\u0105cych trasach (Przyjazna Tr\u00f3jka, Tradycyjna Pi\u0105tka, Ambitna Jedenastka, Harda Dwudziestka Tr\u00f3jka). Na zawodnik\u00f3w czekaj\u0105 atrakcyjne nagrody, profesjonalna rozgrzewka, medal za uko\u0144czenie cyklu, posi\u0142ek regeneracyjny,\u2026 a przede wszystkim wiele emocji i mo\u017cliwo\u015b\u0107 sprawdzenia si\u0119 raz w miesi\u0105cu na tej samej trasie!<\/p>\n<p style=\"text-align: justify;\">Spotyka\u0107 b\u0119dziemy si\u0119 w ka\u017cd\u0105 pierwsz\u0105 niedziel\u0119 miesi\u0105ca! Pierwszy bieg \u2013 Wielkie Otwarcie GPK ju\u017c 5 listopada!<\/p>\n<p style=\"text-align: justify;\">W tym roku zapisy przebiegaj\u0105 wed\u0142ug formu\u0142y: \u201eIm wcze\u015bniej, tym taniej!\u201d, dlatego zach\u0119camy do zapis\u00f3w w jak najwcze\u015bniejszym terminie!<\/p>\n<p style=\"text-align: justify;\"><a href=\"https:\/\/krakowbiega.pl\/?page_id=15\" target=\"_blank\" rel=\"noopener noreferrer\">zapisy<\/a><\/p>\n<p style=\"text-align: justify;\"><img loading=\"lazy\" decoding=\"async\" class=\"wp-image-1069 aligncenter\" src=\"https:\/\/krakowbiega.pl\/wp-content\/uploads\/2017\/08\/IMG_1155-1-300x200.jpg\" alt=\"\" width=\"551\" height=\"367\" srcset=\"https:\/\/krakowbiega.pl\/wp-content\/uploads\/2017\/08\/IMG_1155-1-300x200.jpg 300w, https:\/\/krakowbiega.pl\/wp-content\/uploads\/2017\/08\/IMG_1155-1-768x512.jpg 768w, https:\/\/krakowbiega.pl\/wp-content\/uploads\/2017\/08\/IMG_1155-1-1024x683.jpg 1024w, https:\/\/krakowbiega.pl\/wp-content\/uploads\/2017\/08\/IMG_1155-1-240x160.jpg 240w, https:\/\/krakowbiega.pl\/wp-content\/uploads\/2017\/08\/IMG_1155-1-150x100.jpg 150w, https:\/\/krakowbiega.pl\/wp-content\/uploads\/2017\/08\/IMG_1155-1.jpg 2048w\" sizes=\"auto, (max-width: 551px) 100vw, 551px\" \/><\/p>\n","protected":false},"excerpt":{"rendered":"<p>Z przyjemno\u015bci\u0105 informujemy, \u017ce ruszamy z zapisami na VI edycj\u0119 Grand Prix Krakowa w Biegach G\u00f3rskich! Tak jak ubieg\u0142ej zimy, [&hellip;]<\/p>\n","protected":false},"author":3,"featured_media":0,"comment_status":"closed","ping_status":"closed","sticky":false,"template":"","format":"standard","meta":{"_uag_custom_page_level_css":"","site-sidebar-layout":"default","site-content-layout":"","ast-site-content-layout":"default","site-content-style":"default","site-sidebar-style":"default","ast-global-header-display":"","ast-banner-title-visibility":"","ast-main-header-display":"","ast-hfb-above-header-display":"","ast-hfb-below-header-display":"","ast-hfb-mobile-header-display":"","site-post-title":"","ast-breadcrumbs-content":"","ast-featured-img":"","footer-sml-layout":"","ast-disable-related-posts":"","theme-transparent-header-meta":"","adv-header-id-meta":"","stick-header-meta":"","header-above-stick-meta":"","header-main-stick-meta":"","header-below-stick-meta":"","astra-migrate-meta-layouts":"default","ast-page-background-enabled":"default","ast-page-background-meta":{"desktop":{"background-color":"var(--ast-global-color-4)","background-image":"","background-repeat":"repeat","background-position":"center center","background-size":"auto","background-attachment":"scroll","background-type":"","background-media":"","overlay-type":"","overlay-color":"","overlay-opacity":"","overlay-gradient":""},"tablet":{"background-color":"","background-image":"","background-repeat":"repeat","background-position":"center center","background-size":"auto","background-attachment":"scroll","background-type":"","background-media":"","overlay-type":"","overlay-color":"","overlay-opacity":"","overlay-gradient":""},"mobile":{"background-color":"","background-image":"","background-repeat":"repeat","background-position":"center center","background-size":"auto","background-attachment":"scroll","background-type":"","background-media":"","overlay-type":"","overlay-color":"","overlay-opacity":"","overlay-gradient":""}},"ast-content-background-meta":{"desktop":{"background-color":"var(--ast-global-color-5)","background-image":"","background-repeat":"repeat","background-position":"center center","background-size":"auto","background-attachment":"scroll","background-type":"","background-media":"","overlay-type":"","overlay-color":"","overlay-opacity":"","overlay-gradient":""},"tablet":{"background-color":"var(--ast-global-color-5)","background-image":"","background-repeat":"repeat","background-position":"center center","background-size":"auto","background-attachment":"scroll","background-type":"","background-media":"","overlay-type":"","overlay-color":"","overlay-opacity":"","overlay-gradient":""},"mobile":{"background-color":"var(--ast-global-color-5)","background-image":"","background-repeat":"repeat","background-position":"center center","background-size":"auto","background-attachment":"scroll","background-type":"","background-media":"","overlay-type":"","overlay-color":"","overlay-opacity":"","overlay-gradient":""}},"footnotes":""},"categories":[1],"tags":[],"class_list":["post-1060","post","type-post","status-publish","format-standard","hentry","category-news"],"uagb_featured_image_src":{"full":false,"thumbnail":false,"medium":false,"medium_large":false,"large":false,"1536x1536":false,"2048x2048":false,"New Image Size":false},"uagb_author_info":{"display_name":"krakgrzegorz","author_link":"https:\/\/krakowbiega.pl\/?author=3"},"uagb_comment_info":0,"uagb_excerpt":"Z przyjemno\u015bci\u0105 informujemy, \u017ce ruszamy z zapisami na VI edycj\u0119 Grand Prix Krakowa w Biegach G\u00f3rskich! Tak jak ubieg\u0142ej zimy, [&hellip;]","_links":{"self":[{"href":"https:\/\/krakowbiega.pl\/index.php?rest_route=\/wp\/v2\/posts\/1060","targetHints":{"allow":["GET"]}}],"collection":[{"href":"https:\/\/krakowbiega.pl\/index.php?rest_route=\/wp\/v2\/posts"}],"about":[{"href":"https:\/\/krakowbiega.pl\/index.php?rest_route=\/wp\/v2\/types\/post"}],"author":[{"embeddable":true,"href":"https:\/\/krakowbiega.pl\/index.php?rest_route=\/wp\/v2\/users\/3"}],"replies":[{"embeddable":true,"href":"https:\/\/krakowbiega.pl\/index.php?rest_route=%2Fwp%2Fv2%2Fcomments&post=1060"}],"version-history":[{"count":4,"href":"https:\/\/krakowbiega.pl\/index.php?rest_route=\/wp\/v2\/posts\/1060\/revisions"}],"predecessor-version":[{"id":1071,"href":"https:\/\/krakowbiega.pl\/index.php?rest_route=\/wp\/v2\/posts\/1060\/revisions\/1071"}],"wp:attachment":[{"href":"https:\/\/krakowbiega.pl\/index.php?rest_route=%2Fwp%2Fv2%2Fmedia&parent=1060"}],"wp:term":[{"taxonomy":"category","embeddable":true,"href":"https:\/\/krakowbiega.pl\/index.php?rest_route=%2Fwp%2Fv2%2Fcategories&post=1060"},{"taxonomy":"post_tag","embeddable":true,"href":"https:\/\/krakowbiega.pl\/index.php?rest_route=%2Fwp%2Fv2%2Ftags&post=1060"}],"curies":[{"name":"wp","href":"https:\/\/api.w.org\/{rel}","templated":true}]}}