{"id":119,"date":"2016-11-06T20:56:07","date_gmt":"2016-11-06T20:56:07","guid":{"rendered":"http:\/\/wordpress1649220.home.pl\/autoinstalator\/wordpressplus\/?p=119"},"modified":"2016-11-06T20:56:07","modified_gmt":"2016-11-06T20:56:07","slug":"pierwszy-etap-za-nami","status":"publish","type":"post","link":"https:\/\/krakowbiega.pl\/?p=119","title":{"rendered":"Pierwszy etap za nami!"},"content":{"rendered":"<p style=\"text-align: justify;\">Zgodnie z przewidywaniami, pobity zosta\u0142 rekord frekwencji \u2013 <strong>715 zawodnik\u00f3w<\/strong> stan\u0119\u0142o na starcie w deszczow\u0105 pogod\u0119. Drodzy biegacze, chcieliby\u015bmy Wam wszystkim podzi\u0119kowa\u0107, \u017ce tak licznie stawili\u015bcie si\u0119 na starcie i nie przestraszyli\u015bcie si\u0119 niezbyt sprzyjaj\u0105cej aury. Rozgrzewka na starcie, \u017cywio\u0142owo komentuj\u0105cy spiker oraz ciekawe, momentami ekstremalne trasy \u2013 to wszystko rozgrzewa\u0142o dzisiejsz\u0105 atmosfer\u0119 i na d\u0142ugo pozostanie w naszej pami\u0119ci! Dodatk<span class=\"text_exposed_show\">owo nagrywana by\u0142a relacja przez naszych go\u015bci z <strong>Canal+<\/strong>. Na bie\u017c\u0105co b\u0119dziemy informowa\u0107 o terminie emisji programu.<\/span><\/p>\n<p style=\"text-align: justify;\"><img loading=\"lazy\" decoding=\"async\" class=\"wp-image-3244 aligncenter\" src=\"https:\/\/krakowbiega.pl\/wp-content\/uploads\/2016\/11\/15016256_1803290076615033_1568664019930812776_o-300x199.jpg\" alt=\"15016256_1803290076615033_1568664019930812776_o\" width=\"501\" height=\"332\" \/><\/p>\n<div class=\"text_exposed_show\">\n<p style=\"text-align: justify;\">Galerie ze zdj\u0119ciami b\u0119d\u0105 uzupe\u0142niane na bie\u017c\u0105co, a wyniki s\u0105 ju\u017c dost\u0119pne w odpowiedniej zak\u0142adce. Na najwi\u0119ksz\u0105 uwag\u0119 zas\u0142uguje \u015bwietny bieg <strong>Paw\u0142a Krawczyka<\/strong> na Hardej Dwudziestce Tr\u00f3jce (z\u0142amane 100 minut) oraz znakomity debiut w barwach WKS Wawel i pewne zwyci\u0119stwo na Ambitnej Jedenastce <strong>Angeliki Maciejewskiej<\/strong>. Wszystkim zwyci\u0119zcom oraz tym co uko\u0144czyli tras\u0119 serdecznie gratulujemy. Do zobaczenia ju\u017c 4. grudnia na Biegu Miko\u0142ajkowym &#8211; niesamowita atmosfera i atrakcyjne nagrody czekaj\u0105 na Was! Do zobaczenia!<\/p>\n<p><a href=\"https:\/\/krakowbiega.pl\/wyniki-20162017\/\">wyniki\u00a0<\/a><\/p>\n<p>*fot. <a class=\"profileLink\" href=\"https:\/\/www.facebook.com\/Justyna-Pater-Mi%C4%99dzy-s%C5%82owami-1510624885881555\/\" data-hovercard=\"\/ajax\/hovercard\/page.php?id=1510624885881555\">Justyna Pater &#8220;Mi\u0119dzy s\u0142owami&#8221;<\/a><\/p>\n<\/div>\n","protected":false},"excerpt":{"rendered":"<p>Zgodnie z przewidywaniami, pobity zosta\u0142 rekord frekwencji \u2013 715 zawodnik\u00f3w stan\u0119\u0142o na starcie w deszczow\u0105 pogod\u0119. Drodzy biegacze, chcieliby\u015bmy Wam [&hellip;]<\/p>\n","protected":false},"author":1,"featured_media":0,"comment_status":"open","ping_status":"open","sticky":false,"template":"","format":"standard","meta":{"_uag_custom_page_level_css":"","site-sidebar-layout":"default","site-content-layout":"","ast-site-content-layout":"default","site-content-style":"default","site-sidebar-style":"default","ast-global-header-display":"","ast-banner-title-visibility":"","ast-main-header-display":"","ast-hfb-above-header-display":"","ast-hfb-below-header-display":"","ast-hfb-mobile-header-display":"","site-post-title":"","ast-breadcrumbs-content":"","ast-featured-img":"","footer-sml-layout":"","ast-disable-related-posts":"","theme-transparent-header-meta":"","adv-header-id-meta":"","stick-header-meta":"","header-above-stick-meta":"","header-main-stick-meta":"","header-below-stick-meta":"","astra-migrate-meta-layouts":"default","ast-page-background-enabled":"default","ast-page-background-meta":{"desktop":{"background-color":"var(--ast-global-color-4)","background-image":"","background-repeat":"repeat","background-position":"center center","background-size":"auto","background-attachment":"scroll","background-type":"","background-media":"","overlay-type":"","overlay-color":"","overlay-opacity":"","overlay-gradient":""},"tablet":{"background-color":"","background-image":"","background-repeat":"repeat","background-position":"center center","background-size":"auto","background-attachment":"scroll","background-type":"","background-media":"","overlay-type":"","overlay-color":"","overlay-opacity":"","overlay-gradient":""},"mobile":{"background-color":"","background-image":"","background-repeat":"repeat","background-position":"center center","background-size":"auto","background-attachment":"scroll","background-type":"","background-media":"","overlay-type":"","overlay-color":"","overlay-opacity":"","overlay-gradient":""}},"ast-content-background-meta":{"desktop":{"background-color":"var(--ast-global-color-5)","background-image":"","background-repeat":"repeat","background-position":"center center","background-size":"auto","background-attachment":"scroll","background-type":"","background-media":"","overlay-type":"","overlay-color":"","overlay-opacity":"","overlay-gradient":""},"tablet":{"background-color":"var(--ast-global-color-5)","background-image":"","background-repeat":"repeat","background-position":"center center","background-size":"auto","background-attachment":"scroll","background-type":"","background-media":"","overlay-type":"","overlay-color":"","overlay-opacity":"","overlay-gradient":""},"mobile":{"background-color":"var(--ast-global-color-5)","background-image":"","background-repeat":"repeat","background-position":"center center","background-size":"auto","background-attachment":"scroll","background-type":"","background-media":"","overlay-type":"","overlay-color":"","overlay-opacity":"","overlay-gradient":""}},"footnotes":""},"categories":[1],"tags":[],"class_list":["post-119","post","type-post","status-publish","format-standard","hentry","category-news"],"uagb_featured_image_src":{"full":false,"thumbnail":false,"medium":false,"medium_large":false,"large":false,"1536x1536":false,"2048x2048":false,"New Image Size":false},"uagb_author_info":{"display_name":"Marcin","author_link":"https:\/\/krakowbiega.pl\/?author=1"},"uagb_comment_info":0,"uagb_excerpt":"Zgodnie z przewidywaniami, pobity zosta\u0142 rekord frekwencji \u2013 715 zawodnik\u00f3w stan\u0119\u0142o na starcie w deszczow\u0105 pogod\u0119. Drodzy biegacze, chcieliby\u015bmy Wam [&hellip;]","_links":{"self":[{"href":"https:\/\/krakowbiega.pl\/index.php?rest_route=\/wp\/v2\/posts\/119","targetHints":{"allow":["GET"]}}],"collection":[{"href":"https:\/\/krakowbiega.pl\/index.php?rest_route=\/wp\/v2\/posts"}],"about":[{"href":"https:\/\/krakowbiega.pl\/index.php?rest_route=\/wp\/v2\/types\/post"}],"author":[{"embeddable":true,"href":"https:\/\/krakowbiega.pl\/index.php?rest_route=\/wp\/v2\/users\/1"}],"replies":[{"embeddable":true,"href":"https:\/\/krakowbiega.pl\/index.php?rest_route=%2Fwp%2Fv2%2Fcomments&post=119"}],"version-history":[{"count":0,"href":"https:\/\/krakowbiega.pl\/index.php?rest_route=\/wp\/v2\/posts\/119\/revisions"}],"wp:attachment":[{"href":"https:\/\/krakowbiega.pl\/index.php?rest_route=%2Fwp%2Fv2%2Fmedia&parent=119"}],"wp:term":[{"taxonomy":"category","embeddable":true,"href":"https:\/\/krakowbiega.pl\/index.php?rest_route=%2Fwp%2Fv2%2Fcategories&post=119"},{"taxonomy":"post_tag","embeddable":true,"href":"https:\/\/krakowbiega.pl\/index.php?rest_route=%2Fwp%2Fv2%2Ftags&post=119"}],"curies":[{"name":"wp","href":"https:\/\/api.w.org\/{rel}","templated":true}]}}