{"id":15260,"date":"2025-01-29T14:18:09","date_gmt":"2025-01-29T13:18:09","guid":{"rendered":"https:\/\/krakowbiega.pl\/?p=15260"},"modified":"2025-01-29T14:18:09","modified_gmt":"2025-01-29T13:18:09","slug":"regulamin-xiii-edycji-aktualizacja","status":"publish","type":"post","link":"https:\/\/krakowbiega.pl\/?p=15260","title":{"rendered":"Regulamin XIII edycji \u2013 aktualizacja"},"content":{"rendered":"\n<p>W zwi\u0105zku z tym, \u017ce od startu zapis\u00f3w na XIII edycj\u0119 Grand Prix Krakowa min\u0119\u0142o ju\u017c troch\u0119 czasu, pewne kwestie w regulaminie wymaga\u0142y zaktualizowania.<\/p>\n\n\n\n<p>Za\u0142\u0105czamy zatem <a href=\"https:\/\/krakowbiega.pl\/?page_id=4110\" target=\"_blank\" rel=\"noreferrer noopener\"><strong>link do zaktualizowanego regulaminu<\/strong><\/a>.<\/p>\n\n\n\n<p>W\u015br\u00f3d zmian znajdziecie:<br>&#8211; Zmian\u0119 godziny startu rywalizacji Vertical (9:00).<br>&#8211; Zmian\u0119 map z trasami.<br>&#8211; Informacj\u0119, \u017ce zg\u0142oszenia na karnet s\u0105 ju\u017c niedost\u0119pne.<br>&#8211; U\u015bci\u015blenie informacji dot. medalu XIII edycji GPK. (Aby go zdoby\u0107 wystarczy uko\u0144czy\u0107 4 biegi Grand Prix, brak konieczno\u015bci startu na tym samym dystansie.)<br>&#8211; Do\u0142\u0105czenie informacji o mo\u017cliwo\u015bci startu z kijami. (W odpowiedzi na pro\u015bb\u0119 przes\u0142an\u0105 w Q&amp;A.)<\/p>\n\n\n\n<figure class=\"wp-block-image alignleft size-full is-resized\"><img loading=\"lazy\" decoding=\"async\" width=\"750\" height=\"750\" src=\"https:\/\/krakowbiega.pl\/wp-content\/uploads\/2025\/01\/Projekt-bez-nazwy-3-2.png\" alt=\"\" class=\"wp-image-15261\" style=\"object-fit:cover;width:500px;height:500px\" srcset=\"https:\/\/krakowbiega.pl\/wp-content\/uploads\/2025\/01\/Projekt-bez-nazwy-3-2.png 750w, https:\/\/krakowbiega.pl\/wp-content\/uploads\/2025\/01\/Projekt-bez-nazwy-3-2-300x300.png 300w, https:\/\/krakowbiega.pl\/wp-content\/uploads\/2025\/01\/Projekt-bez-nazwy-3-2-150x150.png 150w\" sizes=\"auto, (max-width: 750px) 100vw, 750px\" \/><\/figure>\n","protected":false},"excerpt":{"rendered":"<p>W zwi\u0105zku z tym, \u017ce od startu zapis\u00f3w na XIII edycj\u0119 Grand Prix Krakowa min\u0119\u0142o ju\u017c troch\u0119 czasu, pewne kwestie [&hellip;]<\/p>\n","protected":false},"author":2,"featured_media":15261,"comment_status":"closed","ping_status":"closed","sticky":false,"template":"","format":"standard","meta":{"_uag_custom_page_level_css":"","site-sidebar-layout":"default","site-content-layout":"","ast-site-content-layout":"default","site-content-style":"default","site-sidebar-style":"default","ast-global-header-display":"","ast-banner-title-visibility":"","ast-main-header-display":"","ast-hfb-above-header-display":"","ast-hfb-below-header-display":"","ast-hfb-mobile-header-display":"","site-post-title":"","ast-breadcrumbs-content":"","ast-featured-img":"","footer-sml-layout":"","ast-disable-related-posts":"","theme-transparent-header-meta":"","adv-header-id-meta":"","stick-header-meta":"","header-above-stick-meta":"","header-main-stick-meta":"","header-below-stick-meta":"","astra-migrate-meta-layouts":"default","ast-page-background-enabled":"default","ast-page-background-meta":{"desktop":{"background-color":"var(--ast-global-color-4)","background-image":"","background-repeat":"repeat","background-position":"center center","background-size":"auto","background-attachment":"scroll","background-type":"","background-media":"","overlay-type":"","overlay-color":"","overlay-opacity":"","overlay-gradient":""},"tablet":{"background-color":"","background-image":"","background-repeat":"repeat","background-position":"center center","background-size":"auto","background-attachment":"scroll","background-type":"","background-media":"","overlay-type":"","overlay-color":"","overlay-opacity":"","overlay-gradient":""},"mobile":{"background-color":"","background-image":"","background-repeat":"repeat","background-position":"center center","background-size":"auto","background-attachment":"scroll","background-type":"","background-media":"","overlay-type":"","overlay-color":"","overlay-opacity":"","overlay-gradient":""}},"ast-content-background-meta":{"desktop":{"background-color":"var(--ast-global-color-5)","background-image":"","background-repeat":"repeat","background-position":"center center","background-size":"auto","background-attachment":"scroll","background-type":"","background-media":"","overlay-type":"","overlay-color":"","overlay-opacity":"","overlay-gradient":""},"tablet":{"background-color":"var(--ast-global-color-5)","background-image":"","background-repeat":"repeat","background-position":"center center","background-size":"auto","background-attachment":"scroll","background-type":"","background-media":"","overlay-type":"","overlay-color":"","overlay-opacity":"","overlay-gradient":""},"mobile":{"background-color":"var(--ast-global-color-5)","background-image":"","background-repeat":"repeat","background-position":"center center","background-size":"auto","background-attachment":"scroll","background-type":"","background-media":"","overlay-type":"","overlay-color":"","overlay-opacity":"","overlay-gradient":""}},"footnotes":""},"categories":[1],"tags":[],"class_list":["post-15260","post","type-post","status-publish","format-standard","has-post-thumbnail","hentry","category-news"],"uagb_featured_image_src":{"full":["https:\/\/krakowbiega.pl\/wp-content\/uploads\/2025\/01\/Projekt-bez-nazwy-3-2.png",750,750,false],"thumbnail":["https:\/\/krakowbiega.pl\/wp-content\/uploads\/2025\/01\/Projekt-bez-nazwy-3-2-150x150.png",150,150,true],"medium":["https:\/\/krakowbiega.pl\/wp-content\/uploads\/2025\/01\/Projekt-bez-nazwy-3-2-300x300.png",300,300,true],"medium_large":["https:\/\/krakowbiega.pl\/wp-content\/uploads\/2025\/01\/Projekt-bez-nazwy-3-2.png",750,750,false],"large":["https:\/\/krakowbiega.pl\/wp-content\/uploads\/2025\/01\/Projekt-bez-nazwy-3-2.png",750,750,false],"1536x1536":["https:\/\/krakowbiega.pl\/wp-content\/uploads\/2025\/01\/Projekt-bez-nazwy-3-2.png",750,750,false],"2048x2048":["https:\/\/krakowbiega.pl\/wp-content\/uploads\/2025\/01\/Projekt-bez-nazwy-3-2.png",750,750,false],"New Image Size":["https:\/\/krakowbiega.pl\/wp-content\/uploads\/2025\/01\/Projekt-bez-nazwy-3-2-300x300.png",300,300,true]},"uagb_author_info":{"display_name":"M.Garbacik","author_link":"https:\/\/krakowbiega.pl\/?author=2"},"uagb_comment_info":0,"uagb_excerpt":"W zwi\u0105zku z tym, \u017ce od startu zapis\u00f3w na XIII edycj\u0119 Grand Prix Krakowa min\u0119\u0142o ju\u017c troch\u0119 czasu, pewne kwestie [&hellip;]","_links":{"self":[{"href":"https:\/\/krakowbiega.pl\/index.php?rest_route=\/wp\/v2\/posts\/15260","targetHints":{"allow":["GET"]}}],"collection":[{"href":"https:\/\/krakowbiega.pl\/index.php?rest_route=\/wp\/v2\/posts"}],"about":[{"href":"https:\/\/krakowbiega.pl\/index.php?rest_route=\/wp\/v2\/types\/post"}],"author":[{"embeddable":true,"href":"https:\/\/krakowbiega.pl\/index.php?rest_route=\/wp\/v2\/users\/2"}],"replies":[{"embeddable":true,"href":"https:\/\/krakowbiega.pl\/index.php?rest_route=%2Fwp%2Fv2%2Fcomments&post=15260"}],"version-history":[{"count":1,"href":"https:\/\/krakowbiega.pl\/index.php?rest_route=\/wp\/v2\/posts\/15260\/revisions"}],"predecessor-version":[{"id":15262,"href":"https:\/\/krakowbiega.pl\/index.php?rest_route=\/wp\/v2\/posts\/15260\/revisions\/15262"}],"wp:featuredmedia":[{"embeddable":true,"href":"https:\/\/krakowbiega.pl\/index.php?rest_route=\/wp\/v2\/media\/15261"}],"wp:attachment":[{"href":"https:\/\/krakowbiega.pl\/index.php?rest_route=%2Fwp%2Fv2%2Fmedia&parent=15260"}],"wp:term":[{"taxonomy":"category","embeddable":true,"href":"https:\/\/krakowbiega.pl\/index.php?rest_route=%2Fwp%2Fv2%2Fcategories&post=15260"},{"taxonomy":"post_tag","embeddable":true,"href":"https:\/\/krakowbiega.pl\/index.php?rest_route=%2Fwp%2Fv2%2Ftags&post=15260"}],"curies":[{"name":"wp","href":"https:\/\/api.w.org\/{rel}","templated":true}]}}