{"id":16465,"date":"2025-09-17T18:57:56","date_gmt":"2025-09-17T17:57:56","guid":{"rendered":"https:\/\/krakowbiega.pl\/?p=16465"},"modified":"2025-09-17T18:58:13","modified_gmt":"2025-09-17T17:58:13","slug":"michal-loska-na-xiv-gpk","status":"publish","type":"post","link":"https:\/\/krakowbiega.pl\/?p=16465","title":{"rendered":"Micha\u0142 Loska na XIV GPK"},"content":{"rendered":"\n<p>Zapewne zwr\u00f3cili\u015bcie uwag\u0119 na fakt, \u017ce autorem wi\u0119kszo\u015bci zdj\u0119\u0107 zapowiadaj\u0105cych zbli\u017caj\u0105cy si\u0119 cykl GPK jest <a href=\"https:\/\/www.facebook.com\/MichalLoskaFotografia?__cft__[0]=AZXXDhAm7bHW7KBRg4E5EMn8Gf2wh9Jp75Iyyst-NXTXMFHxxzOI7SPGC5kdLyc6HMOnGtdVIhd8NMOvSjVQaUmjgd4SJxkfXGPJ6adtLaUSIm8m16XAW8dJsBlvrbU1xW4f-45oLrFuhDjNM6CCESDuX54uB8pHw7WpEpcr9ng4LMZ_4geLAT1Q5ZPDaatcvi0&amp;__tn__=-]K-R\">Micha\u0142 Loska &#8211; fotografia<\/a>. I takich zdj\u0119\u0107 nie mo\u017ce zabrakn\u0105\u0107 r\u00f3wnie\u017c podczas kolejnej edycji Grand Prix Krakowa!<\/p>\n\n\n\n<p>Z ogromn\u0105 przyjemno\u015bci\u0105 mo\u017cemy potwierdzi\u0107, \u017ce Micha\u0142 b\u0119dzie z Wami podczas:<br><strong>&#8211; Biegu Noworocznego GPK (4.01)<br>&#8211; Biegu Karnawa\u0142owego GPK (1.02)<br>&#8211; Wielkiego Fina\u0142u GPK (1.03)<\/strong><\/p>\n\n\n\n<p>Do biegowo-fotowego zobaczenia!<\/p>\n\n\n\n<figure class=\"wp-block-image alignleft size-large is-resized\"><img loading=\"lazy\" decoding=\"async\" width=\"1024\" height=\"682\" src=\"https:\/\/krakowbiega.pl\/wp-content\/uploads\/2025\/09\/GPK-final-version-272-z-294-1024x682.jpg\" alt=\"\" class=\"wp-image-16466\" style=\"width:750px\" srcset=\"https:\/\/krakowbiega.pl\/wp-content\/uploads\/2025\/09\/GPK-final-version-272-z-294-1024x682.jpg 1024w, https:\/\/krakowbiega.pl\/wp-content\/uploads\/2025\/09\/GPK-final-version-272-z-294-300x200.jpg 300w, https:\/\/krakowbiega.pl\/wp-content\/uploads\/2025\/09\/GPK-final-version-272-z-294-768x512.jpg 768w, https:\/\/krakowbiega.pl\/wp-content\/uploads\/2025\/09\/GPK-final-version-272-z-294-1536x1023.jpg 1536w, https:\/\/krakowbiega.pl\/wp-content\/uploads\/2025\/09\/GPK-final-version-272-z-294-2048x1364.jpg 2048w\" sizes=\"auto, (max-width: 1024px) 100vw, 1024px\" \/><\/figure>\n","protected":false},"excerpt":{"rendered":"<p>Zapewne zwr\u00f3cili\u015bcie uwag\u0119 na fakt, \u017ce autorem wi\u0119kszo\u015bci zdj\u0119\u0107 zapowiadaj\u0105cych zbli\u017caj\u0105cy si\u0119 cykl GPK jest Micha\u0142 Loska &#8211; fotografia. I [&hellip;]<\/p>\n","protected":false},"author":2,"featured_media":16466,"comment_status":"closed","ping_status":"closed","sticky":false,"template":"","format":"standard","meta":{"_uag_custom_page_level_css":"","site-sidebar-layout":"default","site-content-layout":"","ast-site-content-layout":"default","site-content-style":"default","site-sidebar-style":"default","ast-global-header-display":"","ast-banner-title-visibility":"","ast-main-header-display":"","ast-hfb-above-header-display":"","ast-hfb-below-header-display":"","ast-hfb-mobile-header-display":"","site-post-title":"","ast-breadcrumbs-content":"","ast-featured-img":"","footer-sml-layout":"","ast-disable-related-posts":"","theme-transparent-header-meta":"","adv-header-id-meta":"","stick-header-meta":"","header-above-stick-meta":"","header-main-stick-meta":"","header-below-stick-meta":"","astra-migrate-meta-layouts":"default","ast-page-background-enabled":"default","ast-page-background-meta":{"desktop":{"background-color":"var(--ast-global-color-4)","background-image":"","background-repeat":"repeat","background-position":"center center","background-size":"auto","background-attachment":"scroll","background-type":"","background-media":"","overlay-type":"","overlay-color":"","overlay-opacity":"","overlay-gradient":""},"tablet":{"background-color":"","background-image":"","background-repeat":"repeat","background-position":"center center","background-size":"auto","background-attachment":"scroll","background-type":"","background-media":"","overlay-type":"","overlay-color":"","overlay-opacity":"","overlay-gradient":""},"mobile":{"background-color":"","background-image":"","background-repeat":"repeat","background-position":"center center","background-size":"auto","background-attachment":"scroll","background-type":"","background-media":"","overlay-type":"","overlay-color":"","overlay-opacity":"","overlay-gradient":""}},"ast-content-background-meta":{"desktop":{"background-color":"var(--ast-global-color-5)","background-image":"","background-repeat":"repeat","background-position":"center center","background-size":"auto","background-attachment":"scroll","background-type":"","background-media":"","overlay-type":"","overlay-color":"","overlay-opacity":"","overlay-gradient":""},"tablet":{"background-color":"var(--ast-global-color-5)","background-image":"","background-repeat":"repeat","background-position":"center center","background-size":"auto","background-attachment":"scroll","background-type":"","background-media":"","overlay-type":"","overlay-color":"","overlay-opacity":"","overlay-gradient":""},"mobile":{"background-color":"var(--ast-global-color-5)","background-image":"","background-repeat":"repeat","background-position":"center center","background-size":"auto","background-attachment":"scroll","background-type":"","background-media":"","overlay-type":"","overlay-color":"","overlay-opacity":"","overlay-gradient":""}},"footnotes":""},"categories":[1],"tags":[],"class_list":["post-16465","post","type-post","status-publish","format-standard","has-post-thumbnail","hentry","category-news"],"uagb_featured_image_src":{"full":["https:\/\/krakowbiega.pl\/wp-content\/uploads\/2025\/09\/GPK-final-version-272-z-294-scaled.jpg",2560,1705,false],"thumbnail":["https:\/\/krakowbiega.pl\/wp-content\/uploads\/2025\/09\/GPK-final-version-272-z-294-150x150.jpg",150,150,true],"medium":["https:\/\/krakowbiega.pl\/wp-content\/uploads\/2025\/09\/GPK-final-version-272-z-294-300x200.jpg",300,200,true],"medium_large":["https:\/\/krakowbiega.pl\/wp-content\/uploads\/2025\/09\/GPK-final-version-272-z-294-768x512.jpg",768,512,true],"large":["https:\/\/krakowbiega.pl\/wp-content\/uploads\/2025\/09\/GPK-final-version-272-z-294-1024x682.jpg",1024,682,true],"1536x1536":["https:\/\/krakowbiega.pl\/wp-content\/uploads\/2025\/09\/GPK-final-version-272-z-294-1536x1023.jpg",1536,1023,true],"2048x2048":["https:\/\/krakowbiega.pl\/wp-content\/uploads\/2025\/09\/GPK-final-version-272-z-294-2048x1364.jpg",2048,1364,true],"New Image Size":["https:\/\/krakowbiega.pl\/wp-content\/uploads\/2025\/09\/GPK-final-version-272-z-294-300x300.jpg",300,300,true]},"uagb_author_info":{"display_name":"M.Garbacik","author_link":"https:\/\/krakowbiega.pl\/?author=2"},"uagb_comment_info":0,"uagb_excerpt":"Zapewne zwr\u00f3cili\u015bcie uwag\u0119 na fakt, \u017ce autorem wi\u0119kszo\u015bci zdj\u0119\u0107 zapowiadaj\u0105cych zbli\u017caj\u0105cy si\u0119 cykl GPK jest Micha\u0142 Loska &#8211; fotografia. I [&hellip;]","_links":{"self":[{"href":"https:\/\/krakowbiega.pl\/index.php?rest_route=\/wp\/v2\/posts\/16465","targetHints":{"allow":["GET"]}}],"collection":[{"href":"https:\/\/krakowbiega.pl\/index.php?rest_route=\/wp\/v2\/posts"}],"about":[{"href":"https:\/\/krakowbiega.pl\/index.php?rest_route=\/wp\/v2\/types\/post"}],"author":[{"embeddable":true,"href":"https:\/\/krakowbiega.pl\/index.php?rest_route=\/wp\/v2\/users\/2"}],"replies":[{"embeddable":true,"href":"https:\/\/krakowbiega.pl\/index.php?rest_route=%2Fwp%2Fv2%2Fcomments&post=16465"}],"version-history":[{"count":1,"href":"https:\/\/krakowbiega.pl\/index.php?rest_route=\/wp\/v2\/posts\/16465\/revisions"}],"predecessor-version":[{"id":16467,"href":"https:\/\/krakowbiega.pl\/index.php?rest_route=\/wp\/v2\/posts\/16465\/revisions\/16467"}],"wp:featuredmedia":[{"embeddable":true,"href":"https:\/\/krakowbiega.pl\/index.php?rest_route=\/wp\/v2\/media\/16466"}],"wp:attachment":[{"href":"https:\/\/krakowbiega.pl\/index.php?rest_route=%2Fwp%2Fv2%2Fmedia&parent=16465"}],"wp:term":[{"taxonomy":"category","embeddable":true,"href":"https:\/\/krakowbiega.pl\/index.php?rest_route=%2Fwp%2Fv2%2Fcategories&post=16465"},{"taxonomy":"post_tag","embeddable":true,"href":"https:\/\/krakowbiega.pl\/index.php?rest_route=%2Fwp%2Fv2%2Ftags&post=16465"}],"curies":[{"name":"wp","href":"https:\/\/api.w.org\/{rel}","templated":true}]}}