{"id":3097,"date":"2019-03-04T08:01:39","date_gmt":"2019-03-04T07:01:39","guid":{"rendered":"http:\/\/krakowbiega.pl\/?p=3097"},"modified":"2019-03-04T08:01:39","modified_gmt":"2019-03-04T07:01:39","slug":"dziekujemy-za-ta-vii-edycje","status":"publish","type":"post","link":"https:\/\/krakowbiega.pl\/?p=3097","title":{"rendered":"Dzi\u0119kujemy za t\u0105 VII edycj\u0119!"},"content":{"rendered":"<p style=\"text-align: justify;\">Trudno wyrazi\u0107 w s\u0142owach, to co jako organizatorzy czujemy po dzisiejszym dniu. Dobre warunki, a\u017c sze\u015b\u0107 nowych rekord\u00f3w i ogrom pozytywnych emocji na zako\u0144czeniu! Wkr\u00f3tce wyniki, zdj\u0119cia, relacje i filmy\u2026 Mamy nadziej\u0119, \u017ce to nie koniec\u2026 Do zobaczenia w sierpniu i podczas VIII edycji!<\/p>\n<p style=\"text-align: justify;\">Jeszcze raz dzi\u0119kujemy!<\/p>\n<p style=\"text-align: justify;\"><a href=\"https:\/\/krakowbiega.pl\/?page_id=17\" target=\"_blank\" rel=\"noopener noreferrer\">wyniki<\/a><\/p>\n<p style=\"text-align: justify;\"><a href=\"http:\/\/www.orientharper.pl\/?cmp=entries&amp;action=newComplaint&amp;eid=72\" target=\"_blank\" rel=\"noopener noreferrer\">formularz reklamacyjny<\/a><\/p>\n<p><img loading=\"lazy\" decoding=\"async\" class=\"wp-image-3098 aligncenter\" src=\"https:\/\/krakowbiega.pl\/wp-content\/uploads\/2019\/03\/53203746_1007296159476178_4888159411232571392_o-300x200.jpg\" alt=\"\" width=\"551\" height=\"367\" srcset=\"https:\/\/krakowbiega.pl\/wp-content\/uploads\/2019\/03\/53203746_1007296159476178_4888159411232571392_o-300x200.jpg 300w, https:\/\/krakowbiega.pl\/wp-content\/uploads\/2019\/03\/53203746_1007296159476178_4888159411232571392_o-768x512.jpg 768w, https:\/\/krakowbiega.pl\/wp-content\/uploads\/2019\/03\/53203746_1007296159476178_4888159411232571392_o-1024x682.jpg 1024w, https:\/\/krakowbiega.pl\/wp-content\/uploads\/2019\/03\/53203746_1007296159476178_4888159411232571392_o-240x160.jpg 240w, https:\/\/krakowbiega.pl\/wp-content\/uploads\/2019\/03\/53203746_1007296159476178_4888159411232571392_o-150x100.jpg 150w, https:\/\/krakowbiega.pl\/wp-content\/uploads\/2019\/03\/53203746_1007296159476178_4888159411232571392_o.jpg 2000w\" sizes=\"auto, (max-width: 551px) 100vw, 551px\" \/><\/p>\n<p style=\"text-align: right;\">*fot. Juan Uribe<\/p>\n","protected":false},"excerpt":{"rendered":"<p>Trudno wyrazi\u0107 w s\u0142owach, to co jako organizatorzy czujemy po dzisiejszym dniu. Dobre warunki, a\u017c sze\u015b\u0107 nowych rekord\u00f3w i ogrom [&hellip;]<\/p>\n","protected":false},"author":2,"featured_media":0,"comment_status":"closed","ping_status":"closed","sticky":false,"template":"","format":"standard","meta":{"_uag_custom_page_level_css":"","site-sidebar-layout":"default","site-content-layout":"","ast-site-content-layout":"default","site-content-style":"default","site-sidebar-style":"default","ast-global-header-display":"","ast-banner-title-visibility":"","ast-main-header-display":"","ast-hfb-above-header-display":"","ast-hfb-below-header-display":"","ast-hfb-mobile-header-display":"","site-post-title":"","ast-breadcrumbs-content":"","ast-featured-img":"","footer-sml-layout":"","ast-disable-related-posts":"","theme-transparent-header-meta":"","adv-header-id-meta":"","stick-header-meta":"","header-above-stick-meta":"","header-main-stick-meta":"","header-below-stick-meta":"","astra-migrate-meta-layouts":"default","ast-page-background-enabled":"default","ast-page-background-meta":{"desktop":{"background-color":"var(--ast-global-color-4)","background-image":"","background-repeat":"repeat","background-position":"center center","background-size":"auto","background-attachment":"scroll","background-type":"","background-media":"","overlay-type":"","overlay-color":"","overlay-opacity":"","overlay-gradient":""},"tablet":{"background-color":"","background-image":"","background-repeat":"repeat","background-position":"center center","background-size":"auto","background-attachment":"scroll","background-type":"","background-media":"","overlay-type":"","overlay-color":"","overlay-opacity":"","overlay-gradient":""},"mobile":{"background-color":"","background-image":"","background-repeat":"repeat","background-position":"center center","background-size":"auto","background-attachment":"scroll","background-type":"","background-media":"","overlay-type":"","overlay-color":"","overlay-opacity":"","overlay-gradient":""}},"ast-content-background-meta":{"desktop":{"background-color":"var(--ast-global-color-5)","background-image":"","background-repeat":"repeat","background-position":"center center","background-size":"auto","background-attachment":"scroll","background-type":"","background-media":"","overlay-type":"","overlay-color":"","overlay-opacity":"","overlay-gradient":""},"tablet":{"background-color":"var(--ast-global-color-5)","background-image":"","background-repeat":"repeat","background-position":"center center","background-size":"auto","background-attachment":"scroll","background-type":"","background-media":"","overlay-type":"","overlay-color":"","overlay-opacity":"","overlay-gradient":""},"mobile":{"background-color":"var(--ast-global-color-5)","background-image":"","background-repeat":"repeat","background-position":"center center","background-size":"auto","background-attachment":"scroll","background-type":"","background-media":"","overlay-type":"","overlay-color":"","overlay-opacity":"","overlay-gradient":""}},"footnotes":""},"categories":[1],"tags":[],"class_list":["post-3097","post","type-post","status-publish","format-standard","hentry","category-news"],"uagb_featured_image_src":{"full":false,"thumbnail":false,"medium":false,"medium_large":false,"large":false,"1536x1536":false,"2048x2048":false,"New Image Size":false},"uagb_author_info":{"display_name":"M.Garbacik","author_link":"https:\/\/krakowbiega.pl\/?author=2"},"uagb_comment_info":0,"uagb_excerpt":"Trudno wyrazi\u0107 w s\u0142owach, to co jako organizatorzy czujemy po dzisiejszym dniu. Dobre warunki, a\u017c sze\u015b\u0107 nowych rekord\u00f3w i ogrom [&hellip;]","_links":{"self":[{"href":"https:\/\/krakowbiega.pl\/index.php?rest_route=\/wp\/v2\/posts\/3097","targetHints":{"allow":["GET"]}}],"collection":[{"href":"https:\/\/krakowbiega.pl\/index.php?rest_route=\/wp\/v2\/posts"}],"about":[{"href":"https:\/\/krakowbiega.pl\/index.php?rest_route=\/wp\/v2\/types\/post"}],"author":[{"embeddable":true,"href":"https:\/\/krakowbiega.pl\/index.php?rest_route=\/wp\/v2\/users\/2"}],"replies":[{"embeddable":true,"href":"https:\/\/krakowbiega.pl\/index.php?rest_route=%2Fwp%2Fv2%2Fcomments&post=3097"}],"version-history":[{"count":1,"href":"https:\/\/krakowbiega.pl\/index.php?rest_route=\/wp\/v2\/posts\/3097\/revisions"}],"predecessor-version":[{"id":3105,"href":"https:\/\/krakowbiega.pl\/index.php?rest_route=\/wp\/v2\/posts\/3097\/revisions\/3105"}],"wp:attachment":[{"href":"https:\/\/krakowbiega.pl\/index.php?rest_route=%2Fwp%2Fv2%2Fmedia&parent=3097"}],"wp:term":[{"taxonomy":"category","embeddable":true,"href":"https:\/\/krakowbiega.pl\/index.php?rest_route=%2Fwp%2Fv2%2Fcategories&post=3097"},{"taxonomy":"post_tag","embeddable":true,"href":"https:\/\/krakowbiega.pl\/index.php?rest_route=%2Fwp%2Fv2%2Ftags&post=3097"}],"curies":[{"name":"wp","href":"https:\/\/api.w.org\/{rel}","templated":true}]}}